{"id":2197,"date":"2022-02-04T14:44:50","date_gmt":"2022-02-04T13:44:50","guid":{"rendered":"https:\/\/insolem.fr\/come-and-meet-us-at-the-360-grand-est\/"},"modified":"2022-02-04T14:44:50","modified_gmt":"2022-02-04T13:44:50","slug":"come-and-meet-us-at-the-360-grand-est","status":"publish","type":"post","link":"https:\/\/insolem.fr\/en\/come-and-meet-us-at-the-360-grand-est\/","title":{"rendered":"Come and meet us at the 360 Grand Est!"},"content":{"rendered":"\n<p>Insolem was selected to demonstrate its autonomous mobile robot at the 360 Grand Est exhibition on December 7th 2021. We\u2019ll be on the industrial area, to make a demonstration of our robot specifically designed for industrial SMEs. We will be able to show its flexibility and ease of use, to serve the industrial operators. <\/p>\n\n<p><\/p>\n","protected":false},"excerpt":{"rendered":"<p>Insolem was selected to demonstrate its autonomous mobile robot at the 360 Grand Est exhibition on December 7th 2021. We\u2019ll be on the industrial area, to make a demonstration of our robot specifically designed for industrial SMEs. We will be able to show its flexibility and ease of use, to serve the industrial operators.<\/p>\n","protected":false},"author":2,"featured_media":2114,"comment_status":"closed","ping_status":"closed","sticky":false,"template":"","format":"standard","meta":{"footnotes":""},"categories":[199],"tags":[217,219,218],"class_list":["post-2197","post","type-post","status-publish","format-standard","has-post-thumbnail","hentry","category-uncategorized","tag-360-grand-est-en","tag-innovation-en","tag-robot-mobile-autonome-en"],"acf":[],"yoast_head":"<!-- This site is optimized with the Yoast SEO plugin v20.11 - https:\/\/yoast.com\/wordpress\/plugins\/seo\/ -->\n<title>Come and meet us at the 360 Grand Est! : Insolem<\/title>\n<meta name=\"description\" content=\"360 Grand Est : Insolem pr\u00e9sentera son robot mobile autonome au salon 360 organis\u00e9 par la r\u00e9gion Grand Est\" \/>\n<meta name=\"robots\" content=\"index, follow, max-snippet:-1, max-image-preview:large, max-video-preview:-1\" \/>\n<link rel=\"canonical\" href=\"https:\/\/insolem.fr\/en\/come-and-meet-us-at-the-360-grand-est\/\" \/>\n<meta property=\"og:locale\" content=\"en_US\" \/>\n<meta property=\"og:type\" content=\"article\" \/>\n<meta property=\"og:title\" content=\"Come and meet us at the 360 Grand Est! : Insolem\" \/>\n<meta property=\"og:description\" content=\"360 Grand Est : Insolem pr\u00e9sentera son robot mobile autonome au salon 360 organis\u00e9 par la r\u00e9gion Grand Est\" \/>\n<meta property=\"og:url\" content=\"https:\/\/insolem.fr\/en\/come-and-meet-us-at-the-360-grand-est\/\" \/>\n<meta property=\"og:site_name\" content=\"Insolem\" \/>\n<meta property=\"article:published_time\" content=\"2022-02-04T13:44:50+00:00\" \/>\n<meta property=\"og:image\" content=\"https:\/\/insolem.fr\/wp-content\/uploads\/2021\/11\/360-Grand-Est.jpg\" \/>\n\t<meta property=\"og:image:width\" content=\"400\" \/>\n\t<meta property=\"og:image:height\" content=\"400\" \/>\n\t<meta property=\"og:image:type\" content=\"image\/jpeg\" \/>\n<meta name=\"author\" content=\"insoAdm\" \/>\n<meta name=\"twitter:card\" content=\"summary_large_image\" \/>\n<meta name=\"twitter:label1\" content=\"Written by\" \/>\n\t<meta name=\"twitter:data1\" content=\"insoAdm\" \/>\n<script type=\"application\/ld+json\" class=\"yoast-schema-graph\">{\"@context\":\"https:\/\/schema.org\",\"@graph\":[{\"@type\":\"WebPage\",\"@id\":\"https:\/\/insolem.fr\/en\/come-and-meet-us-at-the-360-grand-est\/\",\"url\":\"https:\/\/insolem.fr\/en\/come-and-meet-us-at-the-360-grand-est\/\",\"name\":\"Come and meet us at the 360 Grand Est! : Insolem\",\"isPartOf\":{\"@id\":\"https:\/\/insolem.fr\/en\/#website\"},\"datePublished\":\"2022-02-04T13:44:50+00:00\",\"dateModified\":\"2022-02-04T13:44:50+00:00\",\"author\":{\"@id\":\"https:\/\/insolem.fr\/en\/#\/schema\/person\/2c7a1ebf8ee42820ebc4f63a70f82b44\"},\"description\":\"360 Grand Est : Insolem pr\u00e9sentera son robot mobile autonome au salon 360 organis\u00e9 par la r\u00e9gion Grand Est\",\"inLanguage\":\"en-US\",\"potentialAction\":[{\"@type\":\"ReadAction\",\"target\":[\"https:\/\/insolem.fr\/en\/come-and-meet-us-at-the-360-grand-est\/\"]}]},{\"@type\":\"WebSite\",\"@id\":\"https:\/\/insolem.fr\/en\/#website\",\"url\":\"https:\/\/insolem.fr\/en\/\",\"name\":\"Insolem\",\"description\":\"Bureau d&#039;\u00e9tudes technologiques et strat\u00e9giques\",\"potentialAction\":[{\"@type\":\"SearchAction\",\"target\":{\"@type\":\"EntryPoint\",\"urlTemplate\":\"https:\/\/insolem.fr\/en\/?s={search_term_string}\"},\"query-input\":\"required name=search_term_string\"}],\"inLanguage\":\"en-US\"},{\"@type\":\"Person\",\"@id\":\"https:\/\/insolem.fr\/en\/#\/schema\/person\/2c7a1ebf8ee42820ebc4f63a70f82b44\",\"name\":\"insoAdm\",\"image\":{\"@type\":\"ImageObject\",\"inLanguage\":\"en-US\",\"@id\":\"https:\/\/insolem.fr\/en\/#\/schema\/person\/image\/\",\"url\":\"https:\/\/secure.gravatar.com\/avatar\/a18119c664397ce3ac9e8698a1386e0a3352671c8a12b3ad654335406563b02c?s=96&d=mm&r=g\",\"contentUrl\":\"https:\/\/secure.gravatar.com\/avatar\/a18119c664397ce3ac9e8698a1386e0a3352671c8a12b3ad654335406563b02c?s=96&d=mm&r=g\",\"caption\":\"insoAdm\"}}]}<\/script>\n<!-- \/ Yoast SEO plugin. -->","yoast_head_json":{"title":"Come and meet us at the 360 Grand Est! : Insolem","description":"360 Grand Est : Insolem pr\u00e9sentera son robot mobile autonome au salon 360 organis\u00e9 par la r\u00e9gion Grand Est","robots":{"index":"index","follow":"follow","max-snippet":"max-snippet:-1","max-image-preview":"max-image-preview:large","max-video-preview":"max-video-preview:-1"},"canonical":"https:\/\/insolem.fr\/en\/come-and-meet-us-at-the-360-grand-est\/","og_locale":"en_US","og_type":"article","og_title":"Come and meet us at the 360 Grand Est! : Insolem","og_description":"360 Grand Est : Insolem pr\u00e9sentera son robot mobile autonome au salon 360 organis\u00e9 par la r\u00e9gion Grand Est","og_url":"https:\/\/insolem.fr\/en\/come-and-meet-us-at-the-360-grand-est\/","og_site_name":"Insolem","article_published_time":"2022-02-04T13:44:50+00:00","og_image":[{"width":400,"height":400,"url":"https:\/\/insolem.fr\/wp-content\/uploads\/2021\/11\/360-Grand-Est.jpg","type":"image\/jpeg"}],"author":"insoAdm","twitter_card":"summary_large_image","twitter_misc":{"Written by":"insoAdm"},"schema":{"@context":"https:\/\/schema.org","@graph":[{"@type":"WebPage","@id":"https:\/\/insolem.fr\/en\/come-and-meet-us-at-the-360-grand-est\/","url":"https:\/\/insolem.fr\/en\/come-and-meet-us-at-the-360-grand-est\/","name":"Come and meet us at the 360 Grand Est! : Insolem","isPartOf":{"@id":"https:\/\/insolem.fr\/en\/#website"},"datePublished":"2022-02-04T13:44:50+00:00","dateModified":"2022-02-04T13:44:50+00:00","author":{"@id":"https:\/\/insolem.fr\/en\/#\/schema\/person\/2c7a1ebf8ee42820ebc4f63a70f82b44"},"description":"360 Grand Est : Insolem pr\u00e9sentera son robot mobile autonome au salon 360 organis\u00e9 par la r\u00e9gion Grand Est","inLanguage":"en-US","potentialAction":[{"@type":"ReadAction","target":["https:\/\/insolem.fr\/en\/come-and-meet-us-at-the-360-grand-est\/"]}]},{"@type":"WebSite","@id":"https:\/\/insolem.fr\/en\/#website","url":"https:\/\/insolem.fr\/en\/","name":"Insolem","description":"Bureau d&#039;\u00e9tudes technologiques et strat\u00e9giques","potentialAction":[{"@type":"SearchAction","target":{"@type":"EntryPoint","urlTemplate":"https:\/\/insolem.fr\/en\/?s={search_term_string}"},"query-input":"required name=search_term_string"}],"inLanguage":"en-US"},{"@type":"Person","@id":"https:\/\/insolem.fr\/en\/#\/schema\/person\/2c7a1ebf8ee42820ebc4f63a70f82b44","name":"insoAdm","image":{"@type":"ImageObject","inLanguage":"en-US","@id":"https:\/\/insolem.fr\/en\/#\/schema\/person\/image\/","url":"https:\/\/secure.gravatar.com\/avatar\/a18119c664397ce3ac9e8698a1386e0a3352671c8a12b3ad654335406563b02c?s=96&d=mm&r=g","contentUrl":"https:\/\/secure.gravatar.com\/avatar\/a18119c664397ce3ac9e8698a1386e0a3352671c8a12b3ad654335406563b02c?s=96&d=mm&r=g","caption":"insoAdm"}}]}},"_links":{"self":[{"href":"https:\/\/insolem.fr\/en\/wp-json\/wp\/v2\/posts\/2197","targetHints":{"allow":["GET"]}}],"collection":[{"href":"https:\/\/insolem.fr\/en\/wp-json\/wp\/v2\/posts"}],"about":[{"href":"https:\/\/insolem.fr\/en\/wp-json\/wp\/v2\/types\/post"}],"author":[{"embeddable":true,"href":"https:\/\/insolem.fr\/en\/wp-json\/wp\/v2\/users\/2"}],"replies":[{"embeddable":true,"href":"https:\/\/insolem.fr\/en\/wp-json\/wp\/v2\/comments?post=2197"}],"version-history":[{"count":1,"href":"https:\/\/insolem.fr\/en\/wp-json\/wp\/v2\/posts\/2197\/revisions"}],"predecessor-version":[{"id":2198,"href":"https:\/\/insolem.fr\/en\/wp-json\/wp\/v2\/posts\/2197\/revisions\/2198"}],"wp:featuredmedia":[{"embeddable":true,"href":"https:\/\/insolem.fr\/en\/wp-json\/wp\/v2\/media\/2114"}],"wp:attachment":[{"href":"https:\/\/insolem.fr\/en\/wp-json\/wp\/v2\/media?parent=2197"}],"wp:term":[{"taxonomy":"category","embeddable":true,"href":"https:\/\/insolem.fr\/en\/wp-json\/wp\/v2\/categories?post=2197"},{"taxonomy":"post_tag","embeddable":true,"href":"https:\/\/insolem.fr\/en\/wp-json\/wp\/v2\/tags?post=2197"}],"curies":[{"name":"wp","href":"https:\/\/api.w.org\/{rel}","templated":true}]}}