{"id":2191,"date":"2022-02-04T14:33:13","date_gmt":"2022-02-04T13:33:13","guid":{"rendered":"https:\/\/insolem.fr\/2191\/"},"modified":"2022-02-04T15:15:00","modified_gmt":"2022-02-04T14:15:00","slug":"insolem-spotted-by-the-pole-vehicule-du-future","status":"publish","type":"post","link":"https:\/\/insolem.fr\/en\/insolem-spotted-by-the-pole-vehicule-du-future\/","title":{"rendered":"Insolem spotlighted by the P\u00f4le V\u00e9hicule du Futur"},"content":{"rendered":"\n<p>We have been spotlighted by the P\u00f4le V\u00e9hicule du Futur in its newsletter of November, as part of our membership in the cluster. <\/p>\n\n\n\n<p>Our robotics activity has been specifically highlighted, through our demonstration at the BE 4.0 exhibition in Mulhouse. <\/p>\n\n\n\n<p>By joining the cluster, we hope to be able to rely on a significant network to develop our activity in the automotive industry. <\/p>\n\n\n\n<p>To read the full article: <a href=\"https:\/\/bit.ly\/325njCg\" target=\"_blank\" rel=\"noreferrer noopener\">Click here<\/a><\/p>\n","protected":false},"excerpt":{"rendered":"<p>We have been spotlighted by the P\u00f4le V\u00e9hicule du Futur in its newsletter of November, as part of our membership in the cluster. Our robotics activity has been specifically highlighted, through our demonstration at the BE 4.0 exhibition in Mulhouse. By joining the cluster, we hope to be able to rely on a significant network [&hellip;]<\/p>\n","protected":false},"author":2,"featured_media":2078,"comment_status":"closed","ping_status":"closed","sticky":false,"template":"","format":"standard","meta":{"footnotes":""},"categories":[199],"tags":[],"class_list":["post-2191","post","type-post","status-publish","format-standard","has-post-thumbnail","hentry","category-uncategorized"],"acf":[],"yoast_head":"<!-- This site is optimized with the Yoast SEO plugin v20.11 - https:\/\/yoast.com\/wordpress\/plugins\/seo\/ -->\n<title>Insolem spotlighted by the P\u00f4le V\u00e9hicule du Futur : Insolem<\/title>\n<meta name=\"description\" content=\"Insolem a \u00e9t\u00e9 mis en avant par le p\u00f4le V\u00e9hicule du Futur pour son activit\u00e9 robotique et syst\u00e8mes embarqu\u00e9s automobiles\" \/>\n<meta name=\"robots\" content=\"index, follow, max-snippet:-1, max-image-preview:large, max-video-preview:-1\" \/>\n<link rel=\"canonical\" href=\"https:\/\/insolem.fr\/en\/insolem-spotted-by-the-pole-vehicule-du-future\/\" \/>\n<meta property=\"og:locale\" content=\"en_US\" \/>\n<meta property=\"og:type\" content=\"article\" \/>\n<meta property=\"og:title\" content=\"Insolem spotlighted by the P\u00f4le V\u00e9hicule du Futur : Insolem\" \/>\n<meta property=\"og:description\" content=\"Insolem a \u00e9t\u00e9 mis en avant par le p\u00f4le V\u00e9hicule du Futur pour son activit\u00e9 robotique et syst\u00e8mes embarqu\u00e9s automobiles\" \/>\n<meta property=\"og:url\" content=\"https:\/\/insolem.fr\/en\/insolem-spotted-by-the-pole-vehicule-du-future\/\" \/>\n<meta property=\"og:site_name\" content=\"Insolem\" \/>\n<meta property=\"article:published_time\" content=\"2022-02-04T13:33:13+00:00\" \/>\n<meta property=\"article:modified_time\" content=\"2022-02-04T14:15:00+00:00\" \/>\n<meta property=\"og:image\" content=\"https:\/\/insolem.fr\/wp-content\/uploads\/2021\/11\/robot-mobile-autonome-content.jpg\" \/>\n\t<meta property=\"og:image:width\" content=\"636\" \/>\n\t<meta property=\"og:image:height\" content=\"450\" \/>\n\t<meta property=\"og:image:type\" content=\"image\/jpeg\" \/>\n<meta name=\"author\" content=\"insoAdm\" \/>\n<meta name=\"twitter:card\" content=\"summary_large_image\" \/>\n<meta name=\"twitter:label1\" content=\"Written by\" \/>\n\t<meta name=\"twitter:data1\" content=\"insoAdm\" \/>\n\t<meta name=\"twitter:label2\" content=\"Est. reading time\" \/>\n\t<meta name=\"twitter:data2\" content=\"1 minute\" \/>\n<script type=\"application\/ld+json\" class=\"yoast-schema-graph\">{\"@context\":\"https:\/\/schema.org\",\"@graph\":[{\"@type\":\"WebPage\",\"@id\":\"https:\/\/insolem.fr\/en\/insolem-spotted-by-the-pole-vehicule-du-future\/\",\"url\":\"https:\/\/insolem.fr\/en\/insolem-spotted-by-the-pole-vehicule-du-future\/\",\"name\":\"Insolem spotlighted by the P\u00f4le V\u00e9hicule du Futur : Insolem\",\"isPartOf\":{\"@id\":\"https:\/\/insolem.fr\/en\/#website\"},\"datePublished\":\"2022-02-04T13:33:13+00:00\",\"dateModified\":\"2022-02-04T14:15:00+00:00\",\"author\":{\"@id\":\"https:\/\/insolem.fr\/en\/#\/schema\/person\/2c7a1ebf8ee42820ebc4f63a70f82b44\"},\"description\":\"Insolem a \u00e9t\u00e9 mis en avant par le p\u00f4le V\u00e9hicule du Futur pour son activit\u00e9 robotique et syst\u00e8mes embarqu\u00e9s automobiles\",\"inLanguage\":\"en-US\",\"potentialAction\":[{\"@type\":\"ReadAction\",\"target\":[\"https:\/\/insolem.fr\/en\/insolem-spotted-by-the-pole-vehicule-du-future\/\"]}]},{\"@type\":\"WebSite\",\"@id\":\"https:\/\/insolem.fr\/en\/#website\",\"url\":\"https:\/\/insolem.fr\/en\/\",\"name\":\"Insolem\",\"description\":\"Bureau d&#039;\u00e9tudes technologiques et strat\u00e9giques\",\"potentialAction\":[{\"@type\":\"SearchAction\",\"target\":{\"@type\":\"EntryPoint\",\"urlTemplate\":\"https:\/\/insolem.fr\/en\/?s={search_term_string}\"},\"query-input\":\"required name=search_term_string\"}],\"inLanguage\":\"en-US\"},{\"@type\":\"Person\",\"@id\":\"https:\/\/insolem.fr\/en\/#\/schema\/person\/2c7a1ebf8ee42820ebc4f63a70f82b44\",\"name\":\"insoAdm\",\"image\":{\"@type\":\"ImageObject\",\"inLanguage\":\"en-US\",\"@id\":\"https:\/\/insolem.fr\/en\/#\/schema\/person\/image\/\",\"url\":\"https:\/\/secure.gravatar.com\/avatar\/a18119c664397ce3ac9e8698a1386e0a3352671c8a12b3ad654335406563b02c?s=96&d=mm&r=g\",\"contentUrl\":\"https:\/\/secure.gravatar.com\/avatar\/a18119c664397ce3ac9e8698a1386e0a3352671c8a12b3ad654335406563b02c?s=96&d=mm&r=g\",\"caption\":\"insoAdm\"}}]}<\/script>\n<!-- \/ Yoast SEO plugin. -->","yoast_head_json":{"title":"Insolem spotlighted by the P\u00f4le V\u00e9hicule du Futur : Insolem","description":"Insolem a \u00e9t\u00e9 mis en avant par le p\u00f4le V\u00e9hicule du Futur pour son activit\u00e9 robotique et syst\u00e8mes embarqu\u00e9s automobiles","robots":{"index":"index","follow":"follow","max-snippet":"max-snippet:-1","max-image-preview":"max-image-preview:large","max-video-preview":"max-video-preview:-1"},"canonical":"https:\/\/insolem.fr\/en\/insolem-spotted-by-the-pole-vehicule-du-future\/","og_locale":"en_US","og_type":"article","og_title":"Insolem spotlighted by the P\u00f4le V\u00e9hicule du Futur : Insolem","og_description":"Insolem a \u00e9t\u00e9 mis en avant par le p\u00f4le V\u00e9hicule du Futur pour son activit\u00e9 robotique et syst\u00e8mes embarqu\u00e9s automobiles","og_url":"https:\/\/insolem.fr\/en\/insolem-spotted-by-the-pole-vehicule-du-future\/","og_site_name":"Insolem","article_published_time":"2022-02-04T13:33:13+00:00","article_modified_time":"2022-02-04T14:15:00+00:00","og_image":[{"width":636,"height":450,"url":"https:\/\/insolem.fr\/wp-content\/uploads\/2021\/11\/robot-mobile-autonome-content.jpg","type":"image\/jpeg"}],"author":"insoAdm","twitter_card":"summary_large_image","twitter_misc":{"Written by":"insoAdm","Est. reading time":"1 minute"},"schema":{"@context":"https:\/\/schema.org","@graph":[{"@type":"WebPage","@id":"https:\/\/insolem.fr\/en\/insolem-spotted-by-the-pole-vehicule-du-future\/","url":"https:\/\/insolem.fr\/en\/insolem-spotted-by-the-pole-vehicule-du-future\/","name":"Insolem spotlighted by the P\u00f4le V\u00e9hicule du Futur : Insolem","isPartOf":{"@id":"https:\/\/insolem.fr\/en\/#website"},"datePublished":"2022-02-04T13:33:13+00:00","dateModified":"2022-02-04T14:15:00+00:00","author":{"@id":"https:\/\/insolem.fr\/en\/#\/schema\/person\/2c7a1ebf8ee42820ebc4f63a70f82b44"},"description":"Insolem a \u00e9t\u00e9 mis en avant par le p\u00f4le V\u00e9hicule du Futur pour son activit\u00e9 robotique et syst\u00e8mes embarqu\u00e9s automobiles","inLanguage":"en-US","potentialAction":[{"@type":"ReadAction","target":["https:\/\/insolem.fr\/en\/insolem-spotted-by-the-pole-vehicule-du-future\/"]}]},{"@type":"WebSite","@id":"https:\/\/insolem.fr\/en\/#website","url":"https:\/\/insolem.fr\/en\/","name":"Insolem","description":"Bureau d&#039;\u00e9tudes technologiques et strat\u00e9giques","potentialAction":[{"@type":"SearchAction","target":{"@type":"EntryPoint","urlTemplate":"https:\/\/insolem.fr\/en\/?s={search_term_string}"},"query-input":"required name=search_term_string"}],"inLanguage":"en-US"},{"@type":"Person","@id":"https:\/\/insolem.fr\/en\/#\/schema\/person\/2c7a1ebf8ee42820ebc4f63a70f82b44","name":"insoAdm","image":{"@type":"ImageObject","inLanguage":"en-US","@id":"https:\/\/insolem.fr\/en\/#\/schema\/person\/image\/","url":"https:\/\/secure.gravatar.com\/avatar\/a18119c664397ce3ac9e8698a1386e0a3352671c8a12b3ad654335406563b02c?s=96&d=mm&r=g","contentUrl":"https:\/\/secure.gravatar.com\/avatar\/a18119c664397ce3ac9e8698a1386e0a3352671c8a12b3ad654335406563b02c?s=96&d=mm&r=g","caption":"insoAdm"}}]}},"_links":{"self":[{"href":"https:\/\/insolem.fr\/en\/wp-json\/wp\/v2\/posts\/2191","targetHints":{"allow":["GET"]}}],"collection":[{"href":"https:\/\/insolem.fr\/en\/wp-json\/wp\/v2\/posts"}],"about":[{"href":"https:\/\/insolem.fr\/en\/wp-json\/wp\/v2\/types\/post"}],"author":[{"embeddable":true,"href":"https:\/\/insolem.fr\/en\/wp-json\/wp\/v2\/users\/2"}],"replies":[{"embeddable":true,"href":"https:\/\/insolem.fr\/en\/wp-json\/wp\/v2\/comments?post=2191"}],"version-history":[{"count":3,"href":"https:\/\/insolem.fr\/en\/wp-json\/wp\/v2\/posts\/2191\/revisions"}],"predecessor-version":[{"id":2196,"href":"https:\/\/insolem.fr\/en\/wp-json\/wp\/v2\/posts\/2191\/revisions\/2196"}],"wp:featuredmedia":[{"embeddable":true,"href":"https:\/\/insolem.fr\/en\/wp-json\/wp\/v2\/media\/2078"}],"wp:attachment":[{"href":"https:\/\/insolem.fr\/en\/wp-json\/wp\/v2\/media?parent=2191"}],"wp:term":[{"taxonomy":"category","embeddable":true,"href":"https:\/\/insolem.fr\/en\/wp-json\/wp\/v2\/categories?post=2191"},{"taxonomy":"post_tag","embeddable":true,"href":"https:\/\/insolem.fr\/en\/wp-json\/wp\/v2\/tags?post=2191"}],"curies":[{"name":"wp","href":"https:\/\/api.w.org\/{rel}","templated":true}]}}